{"id":9501,"date":"2020-02-10T20:05:17","date_gmt":"2020-02-10T23:05:17","guid":{"rendered":"https:\/\/dioceseteixeiradefreitas.com.br\/?p=9501"},"modified":"2020-02-10T20:11:57","modified_gmt":"2020-02-10T23:11:57","slug":"vem-ai-rebanhao-de-carnaval-2020","status":"publish","type":"post","link":"https:\/\/dioceseteixeiradefreitas.com.br\/?p=9501","title":{"rendered":"Vem a\u00ed: Rebanh\u00e3o de Carnaval 2020"},"content":{"rendered":"<p><img loading=\"lazy\" decoding=\"async\" class=\"aligncenter wp-image-9502\" src=\"https:\/\/dioceseteixeiradefreitas.com.br\/wp-content\/uploads\/2020\/02\/694e21b4-701e-4cdd-bc71-8bb82f1e3deb-846x1024.jpg\" alt=\"\" width=\"690\" height=\"835\" srcset=\"https:\/\/dioceseteixeiradefreitas.com.br\/wp-content\/uploads\/2020\/02\/694e21b4-701e-4cdd-bc71-8bb82f1e3deb-846x1024.jpg 846w, https:\/\/dioceseteixeiradefreitas.com.br\/wp-content\/uploads\/2020\/02\/694e21b4-701e-4cdd-bc71-8bb82f1e3deb-600x726.jpg 600w, https:\/\/dioceseteixeiradefreitas.com.br\/wp-content\/uploads\/2020\/02\/694e21b4-701e-4cdd-bc71-8bb82f1e3deb-248x300.jpg 248w, https:\/\/dioceseteixeiradefreitas.com.br\/wp-content\/uploads\/2020\/02\/694e21b4-701e-4cdd-bc71-8bb82f1e3deb-768x929.jpg 768w, https:\/\/dioceseteixeiradefreitas.com.br\/wp-content\/uploads\/2020\/02\/694e21b4-701e-4cdd-bc71-8bb82f1e3deb.jpg 1058w\" sizes=\"auto, (max-width: 690px) 100vw, 690px\" \/><\/p>\n<p>Entre os dias 22 a 25 de fevereiro de 2020, a Renova\u00e7\u00e3o Carism\u00e1tica Cat\u00f3lica da Diocese de Teixeira de Freitas\/Caravelas promover\u00e1 o Rebanh\u00e3o de Carnaval. O evento ser\u00e1 realizado no Clube Jacarand\u00e1.<\/p>\n<p>Nesse ano o tema do Rebanh\u00e3o foi retirado de Romanos 12,2: &#8220;N\u00e3o vos conformeis com este mundo&#8221;, e contar\u00e1 com a presen\u00e7a de Fernando Barbosa &#8211; Diocese de Governador Valadares-MG, Oscar Lok\u00e3o &#8211; RCC de S\u00e3o Paulo\/SP e Eudes Duarte &#8211; Diocese de Ara\u00e7ua\u00ed-MG.<\/p>\n<p>O Rebanh\u00e3o \u00e9 aberto a todos e al\u00e9m de muita m\u00fasica e dan\u00e7a, vai proporcionar noite carism\u00e1tica, arrast\u00e3o jovem, a realiza\u00e7\u00e3o do Rebanh\u00e3ozinho, evento voltado para \u00e0s crian\u00e7as e incluir em sua programa\u00e7\u00e3o momentos de reflex\u00e3o, ora\u00e7\u00f5es e Missa todos os dias. <strong>A entrada \u00e9 franca para toda a programa\u00e7\u00e3o.<\/strong><\/p>\n<p>Participe!<\/p>\n","protected":false},"excerpt":{"rendered":"<p>Entre os dias 22 a 25 de fevereiro de 2020, a Renova\u00e7\u00e3o Carism\u00e1tica Cat\u00f3lica da Diocese de Teixeira de Freitas\/Caravelas promover\u00e1 o Rebanh\u00e3o de Carnaval. O evento ser\u00e1 realizado no Clube Jacarand\u00e1. Nesse ano o tema do Rebanh\u00e3o foi retirado de Romanos 12,2: &#8220;N\u00e3o vos conformeis com este mundo&#8221;, e contar\u00e1 com a presen\u00e7a de &hellip;<\/p>\n","protected":false},"author":1,"featured_media":9502,"comment_status":"closed","ping_status":"closed","sticky":false,"template":"","format":"standard","meta":{"footnotes":""},"categories":[100],"tags":[451,225,452,453],"class_list":["post-9501","post","type-post","status-publish","format-standard","has-post-thumbnail","hentry","category-noticias-diocesanas","tag-diocese-de-teixeira-de-freitas-caravelas","tag-rcc","tag-rebanhao","tag-rebanhao-de-carnaval-2020"],"_links":{"self":[{"href":"https:\/\/dioceseteixeiradefreitas.com.br\/index.php?rest_route=\/wp\/v2\/posts\/9501","targetHints":{"allow":["GET"]}}],"collection":[{"href":"https:\/\/dioceseteixeiradefreitas.com.br\/index.php?rest_route=\/wp\/v2\/posts"}],"about":[{"href":"https:\/\/dioceseteixeiradefreitas.com.br\/index.php?rest_route=\/wp\/v2\/types\/post"}],"author":[{"embeddable":true,"href":"https:\/\/dioceseteixeiradefreitas.com.br\/index.php?rest_route=\/wp\/v2\/users\/1"}],"replies":[{"embeddable":true,"href":"https:\/\/dioceseteixeiradefreitas.com.br\/index.php?rest_route=%2Fwp%2Fv2%2Fcomments&post=9501"}],"version-history":[{"count":5,"href":"https:\/\/dioceseteixeiradefreitas.com.br\/index.php?rest_route=\/wp\/v2\/posts\/9501\/revisions"}],"predecessor-version":[{"id":9537,"href":"https:\/\/dioceseteixeiradefreitas.com.br\/index.php?rest_route=\/wp\/v2\/posts\/9501\/revisions\/9537"}],"wp:featuredmedia":[{"embeddable":true,"href":"https:\/\/dioceseteixeiradefreitas.com.br\/index.php?rest_route=\/wp\/v2\/media\/9502"}],"wp:attachment":[{"href":"https:\/\/dioceseteixeiradefreitas.com.br\/index.php?rest_route=%2Fwp%2Fv2%2Fmedia&parent=9501"}],"wp:term":[{"taxonomy":"category","embeddable":true,"href":"https:\/\/dioceseteixeiradefreitas.com.br\/index.php?rest_route=%2Fwp%2Fv2%2Fcategories&post=9501"},{"taxonomy":"post_tag","embeddable":true,"href":"https:\/\/dioceseteixeiradefreitas.com.br\/index.php?rest_route=%2Fwp%2Fv2%2Ftags&post=9501"}],"curies":[{"name":"wp","href":"https:\/\/api.w.org\/{rel}","templated":true}]}}