{"id":9559,"date":"2020-02-12T07:58:23","date_gmt":"2020-02-12T10:58:23","guid":{"rendered":"https:\/\/dioceseteixeiradefreitas.com.br\/?p=9559"},"modified":"2020-02-12T07:58:53","modified_gmt":"2020-02-12T10:58:53","slug":"cnbb-e-repam-realizam-coletiva-de-imprensa-para-apresentacao-da-exortacao-do-papa-francisco","status":"publish","type":"post","link":"https:\/\/dioceseteixeiradefreitas.com.br\/?p=9559","title":{"rendered":"CNBB e REPAM realizam coletiva de imprensa para apresenta\u00e7\u00e3o da exorta\u00e7\u00e3o do Papa Francisco"},"content":{"rendered":"<figure id=\"attachment_9561\" aria-describedby=\"caption-attachment-9561\" style=\"width: 1200px\" class=\"wp-caption aligncenter\"><img loading=\"lazy\" decoding=\"async\" class=\"wp-image-9561 size-full\" src=\"https:\/\/dioceseteixeiradefreitas.com.br\/wp-content\/uploads\/2020\/02\/QueridaAmazonia_Destaque.jpg\" alt=\"\" width=\"1200\" height=\"762\" srcset=\"https:\/\/dioceseteixeiradefreitas.com.br\/wp-content\/uploads\/2020\/02\/QueridaAmazonia_Destaque.jpg 1200w, https:\/\/dioceseteixeiradefreitas.com.br\/wp-content\/uploads\/2020\/02\/QueridaAmazonia_Destaque-600x381.jpg 600w, https:\/\/dioceseteixeiradefreitas.com.br\/wp-content\/uploads\/2020\/02\/QueridaAmazonia_Destaque-300x191.jpg 300w, https:\/\/dioceseteixeiradefreitas.com.br\/wp-content\/uploads\/2020\/02\/QueridaAmazonia_Destaque-1024x650.jpg 1024w, https:\/\/dioceseteixeiradefreitas.com.br\/wp-content\/uploads\/2020\/02\/QueridaAmazonia_Destaque-768x488.jpg 768w\" sizes=\"auto, (max-width: 1200px) 100vw, 1200px\" \/><figcaption id=\"caption-attachment-9561\" class=\"wp-caption-text\">CNBB e REPAM realizam coletiva de imprensa para apresenta\u00e7\u00e3o da exorta\u00e7\u00e3o do Santo Padre &#8211; Imagem: CNBB\/Divulga\u00e7\u00e3o<\/figcaption><\/figure>\n<p>Nesta quarta-feira, 12 de fevereiro, \u00e0s 13h, hor\u00e1rio do Vaticano (9h no Brasil), ser\u00e1 apresentada a Exorta\u00e7\u00e3o Apost\u00f3lica denominada \u201cQuerida Amaz\u00f4nia\u201d escrita pelo Papa Francisco a partir da realiza\u00e7\u00e3o da Assembleia Especial do S\u00ednodo dos Bispos para a Regi\u00e3o Pan-Amaz\u00f4nica, evento este realizado entre os dias 06 e 27 de outubro de 2019, no Vaticano.<\/p>\n<p>No mesmo dia, \u00e0s 11h, a Confer\u00eancia Nacional dos Bispos do Brasil (CNBB) e a Rede Eclesial Pan-Amaz\u00f4nica (REPAM) promovem uma coletiva de imprensa sobre a Exorta\u00e7\u00e3o Apost\u00f3lica p\u00f3s-sinodal \u201cQuerida Amaz\u00f4nia\u201d e os desdobramentos dela no Brasil. Participar\u00e3o da coletiva o arcebispo de Belo Horizonte (MG) e presidente da CNBB, Dom Walmor Oliveira de Azevedo, e o relator do S\u00ednodo para a Amaz\u00f4nia, cardeal Cl\u00e1udio Hummes, arcebispo em\u00e9rito de S\u00e3o Paulo (SP).<\/p>\n<p><strong>TEMA DO S\u00cdNODO: \u201cAmaz\u00f4nia: novos caminhos para a Igreja e para uma Ecologia Integral\u201d<\/strong><\/p>\n<p>O objetivo tra\u00e7ado pelo Papa Francisco foi \u201cidentificar novos caminhos para a evangeliza\u00e7\u00e3o daquela por\u00e7\u00e3o do Povo de Deus, especialmente dos ind\u00edgenas, frequentemente esquecidos e sem perspectivas de um futuro sereno, tamb\u00e9m por causa da crise da Floresta Amaz\u00f4nica, pulm\u00e3o de capital import\u00e2ncia para nosso planeta\u201d.<\/p>\n<p>Durante o processo do S\u00ednodo, religiosos e religiosas, leigos e leigas e representantes das popula\u00e7\u00f5es tradicionais naquela regi\u00e3o prepararam um documento com as reflex\u00f5es sobre novos caminhos para a Igreja na Amaz\u00f4nia e para a ecologia integral, que foi encaminhado ao Papa como ajuda \u00e0 constru\u00e7\u00e3o do texto final.<\/p>\n<p>Do an\u00fancio da realiza\u00e7\u00e3o do S\u00ednodo pelo Santo Padre, em Porto Maldonado, no Peru, em janeiro de 2018, at\u00e9 o lan\u00e7amento da Exorta\u00e7\u00e3o \u201cQuerida Amaz\u00f4nia\u201d, um longo processo sinodal foi desenvolvido. Por isto, antes de conhecermos a Exorta\u00e7\u00e3o \u00e9 importante retomar todo caminho constru\u00eddo.<\/p>\n<p><strong>Fase de prepara\u00e7\u00e3o e escuta sinodal<\/strong><\/p>\n<p>De junho 2018 a abril de 2019, foi desenvolvida, nos pa\u00edses que integram a regi\u00e3o Pan-Amaz\u00f4nica (Brasil, Peru, Col\u00f4mbia, Bol\u00edvia, Venezuela, Guiana, Guiana Francesa e Suriname), uma s\u00e9rie de atividades como parte do processo de escutas pr\u00e9-sinodais coordenado pela Rede Eclesial Pan-Amaz\u00f4nica (REPAM). A escuta ouviu os povos amaz\u00f4nicos, com destaque para ind\u00edgenas, ribeirinhos, quilombolas, mulheres, jovens, religiosos e religiosas.<\/p>\n<p>Ao todo foram realizadas 57 assembleias, 21 f\u00f3runs nacionais, 17 f\u00f3runs tem\u00e1ticos e 179 rodas de conversa. No Brasil, foram 182 atividades. Ao todo, estima-se que 87 mil pessoas tenham sido ouvidas na fase de prepara\u00e7\u00e3o. Como fruto desta escuta, a secretaria-executiva do S\u00ednodo elaborou o\u00a0<em>Instrumentum Laboris<\/em>\u00a0(Instrumento de Trabalho) do S\u00ednodo Amaz\u00f4nico, material de estudo dos bispos em prepara\u00e7\u00e3o ao evento.<\/p>\n<p>O papa convocou bispos dos 9\u00a0 pa\u00edses que integram a Pan-Amaz\u00f4nia. O Brasil ficou com a maior delega\u00e7\u00e3o entre os participantes, sendo 58 bispos da regi\u00e3o amaz\u00f4nica, al\u00e9m de outros nomes na c\u00fapula do encontro como o cardeal brasileiro dom Claudio Hummes, relator-geral do s\u00ednodo. O presidente da Confer\u00eancia Nacional dos Bispos do Brasil (CNBB), dom Walmor Oliveira de Azevedo, tamb\u00e9m participou. O pont\u00edfice convidou ainda cientistas, nomes ligados \u00e0 Organiza\u00e7\u00e3o das Na\u00e7\u00f5es Unidas (ONU), representantes de igrejas evang\u00e9licas, de ONGs e povos ind\u00edgenas.<\/p>\n<p>Segundo relat\u00f3rio final, a celebra\u00e7\u00e3o do S\u00ednodo, realizado de 6 e 27 de outubro de 2019, no Vaticano, conseguiu destacar a integra\u00e7\u00e3o da voz da Amaz\u00f4nia com a voz e o sentimento dos pastores participantes. Participaram da Assembleia Sinodal,\u00a0 250 pessoas, sendo 184 bispos e 35 mulheres.<\/p>\n<p><strong>A Comiss\u00e3o P\u00f3s-Sinodal<\/strong><\/p>\n<p><a href=\"https:\/\/www.vaticannews.va\/pt\/vaticano\/news\/2019-11\/sinodo-amazonico-divulgado-membros-conselho-pos-sinodal-nomeacao.html\">Os nomes dos 16 membros que integram a Comiss\u00e3o P\u00f3s-Sinoda<\/a>l, cuja tarefa \u00e9 aplicar as indica\u00e7\u00f5es da Assembleia dos Bispos, foram divulgados pelo Vaticano dia 23 de novembro de 2019. Entre eles, constam quatro brasileiros: dom Alberto Taveira, arcebispo de Bel\u00e9m (PA), dom Erwin Kr\u00e4utler, bispo em\u00e9rito da prelazia do Xingu (PA) \u2013 agora diocese de Xingu-Altamira \u2013, dom Cl\u00e1udio Hummes, arcebispo em\u00e9rito de S\u00e3o Paulo e dom Roque Paloschi, bispo de Porto Velho (RO).<\/p>\n<p><strong>O documento final<\/strong><\/p>\n<p>O documento final, com 5 cap\u00edtulos, reconhece a Amaz\u00f4nia como cora\u00e7\u00e3o biol\u00f3gico, para a terra cada vez mais amea\u00e7ada. Aponta a import\u00e2ncia da Amaz\u00f4nia para a distribui\u00e7\u00e3o das chuvas nas regi\u00f5es da Am\u00e9rica do Sul e para os movimentos de ar ao redor do planeta. Aponta os riscos de desmatamento evidenciados pela comunidade cient\u00edfica que at\u00e9 ent\u00e3o encontra-se no patamar em 17% o total da floresta Amaz\u00f4nica. Isto, segundo os cientistas, amea\u00e7a a sobreviv\u00eancia de todo o ecossistema, colocando em perigo a biodiversidade e mudando o ciclo vital da \u00e1gua, para a sobreviv\u00eancia da floresta tropical.<\/p>\n<p>O documento, fruto do S\u00ednodo, fala de um chamado \u00e0 convers\u00e3o integral (pastoral, cultural, ecol\u00f3gica e sinodal) que promove a cria\u00e7\u00e3o de estruturas em harmonia com o cuidado da cria\u00e7\u00e3o; uma convers\u00e3o baseada na sinodalidade, que reconhe\u00e7a a intera\u00e7\u00e3o de tudo que foi criado. Convers\u00e3o que leve a ser uma Igreja em sa\u00edda que entre no cora\u00e7\u00e3o de todos os povos amaz\u00f4nicos.\u00a0 Conhecer o Documento Final \u00e9 importante para ver que propostas apresentadas e aprovadas pelos bispos no S\u00ednodo ser\u00e3o acolhidas na Exorta\u00e7\u00e3o \u201cQuerida Amaz\u00f4nia\u201d.<\/p>\n<p>Acesse aqui o documento final: http:\/\/<a href=\"http:\/\/www.sinodoamazonico.va\/content\/sinodoamazonico\/pt\/documentos\/documento-final-do-sinodo-para-a-amazonia.html\">www.sinodoamazonico.va<\/a><\/p>\n","protected":false},"excerpt":{"rendered":"<p>Nesta quarta-feira, 12 de fevereiro, \u00e0s 13h, hor\u00e1rio do Vaticano (9h no Brasil), ser\u00e1 apresentada a Exorta\u00e7\u00e3o Apost\u00f3lica denominada \u201cQuerida Amaz\u00f4nia\u201d escrita pelo Papa Francisco a partir da realiza\u00e7\u00e3o da Assembleia Especial do S\u00ednodo dos Bispos para a Regi\u00e3o Pan-Amaz\u00f4nica, evento este realizado entre os dias 06 e 27 de outubro de 2019, no Vaticano. &hellip;<\/p>\n","protected":false},"author":1,"featured_media":9561,"comment_status":"closed","ping_status":"closed","sticky":false,"template":"","format":"standard","meta":{"footnotes":""},"categories":[104],"tags":[191,71,455,454,318,123],"class_list":["post-9559","post","type-post","status-publish","format-standard","has-post-thumbnail","hentry","category-noticias-da-cnbb","tag-cnbb","tag-papa-francisco","tag-querida-amazonia","tag-repam","tag-saudacao-do-papa-francisco","tag-vaticano"],"_links":{"self":[{"href":"https:\/\/dioceseteixeiradefreitas.com.br\/index.php?rest_route=\/wp\/v2\/posts\/9559","targetHints":{"allow":["GET"]}}],"collection":[{"href":"https:\/\/dioceseteixeiradefreitas.com.br\/index.php?rest_route=\/wp\/v2\/posts"}],"about":[{"href":"https:\/\/dioceseteixeiradefreitas.com.br\/index.php?rest_route=\/wp\/v2\/types\/post"}],"author":[{"embeddable":true,"href":"https:\/\/dioceseteixeiradefreitas.com.br\/index.php?rest_route=\/wp\/v2\/users\/1"}],"replies":[{"embeddable":true,"href":"https:\/\/dioceseteixeiradefreitas.com.br\/index.php?rest_route=%2Fwp%2Fv2%2Fcomments&post=9559"}],"version-history":[{"count":2,"href":"https:\/\/dioceseteixeiradefreitas.com.br\/index.php?rest_route=\/wp\/v2\/posts\/9559\/revisions"}],"predecessor-version":[{"id":9562,"href":"https:\/\/dioceseteixeiradefreitas.com.br\/index.php?rest_route=\/wp\/v2\/posts\/9559\/revisions\/9562"}],"wp:featuredmedia":[{"embeddable":true,"href":"https:\/\/dioceseteixeiradefreitas.com.br\/index.php?rest_route=\/wp\/v2\/media\/9561"}],"wp:attachment":[{"href":"https:\/\/dioceseteixeiradefreitas.com.br\/index.php?rest_route=%2Fwp%2Fv2%2Fmedia&parent=9559"}],"wp:term":[{"taxonomy":"category","embeddable":true,"href":"https:\/\/dioceseteixeiradefreitas.com.br\/index.php?rest_route=%2Fwp%2Fv2%2Fcategories&post=9559"},{"taxonomy":"post_tag","embeddable":true,"href":"https:\/\/dioceseteixeiradefreitas.com.br\/index.php?rest_route=%2Fwp%2Fv2%2Ftags&post=9559"}],"curies":[{"name":"wp","href":"https:\/\/api.w.org\/{rel}","templated":true}]}}