{"id":9567,"date":"2020-02-13T10:28:36","date_gmt":"2020-02-13T13:28:36","guid":{"rendered":"https:\/\/dioceseteixeiradefreitas.com.br\/?p=9567"},"modified":"2020-02-13T10:34:53","modified_gmt":"2020-02-13T13:34:53","slug":"conheca-a-querida-amazonia-a-exortacao-do-papa-por-uma-igreja-com-rosto-amazonico","status":"publish","type":"post","link":"https:\/\/dioceseteixeiradefreitas.com.br\/?p=9567","title":{"rendered":"Conhe\u00e7a a Querida Amaz\u00f4nia, a Exorta\u00e7\u00e3o do Papa por uma Igreja com rosto amaz\u00f4nico"},"content":{"rendered":"<div>\n<figure id=\"attachment_9568\" aria-describedby=\"caption-attachment-9568\" style=\"width: 905px\" class=\"wp-caption aligncenter\"><img loading=\"lazy\" decoding=\"async\" class=\"wp-image-9568 size-full\" src=\"https:\/\/dioceseteixeiradefreitas.com.br\/wp-content\/uploads\/2020\/02\/papa-e-\u00edndios.jpg\" alt=\"\" width=\"905\" height=\"561\" srcset=\"https:\/\/dioceseteixeiradefreitas.com.br\/wp-content\/uploads\/2020\/02\/papa-e-\u00edndios.jpg 905w, https:\/\/dioceseteixeiradefreitas.com.br\/wp-content\/uploads\/2020\/02\/papa-e-\u00edndios-600x372.jpg 600w, https:\/\/dioceseteixeiradefreitas.com.br\/wp-content\/uploads\/2020\/02\/papa-e-\u00edndios-300x186.jpg 300w, https:\/\/dioceseteixeiradefreitas.com.br\/wp-content\/uploads\/2020\/02\/papa-e-\u00edndios-768x476.jpg 768w\" sizes=\"auto, (max-width: 905px) 100vw, 905px\" \/><figcaption id=\"caption-attachment-9568\" class=\"wp-caption-text\">Pope Francis (R) greets members of an indigenous group from the Amazon region, at the Coliseum Madre de Dios, in Puerto Maldonado, Peru January 19, 2018. REUTERS\/Henry Romero<\/figcaption><\/figure>\n<\/div>\n<div class=\"article__subTitle\">A Exorta\u00e7\u00e3o p\u00f3s-sinodal sobre a Amaz\u00f4nia foi publicada esta quarta-feira (12\/02). O documento vem tra\u00e7ar novos caminhos para a evangeliza\u00e7\u00e3o e cuidados do meio ambiente e dos mais necessitados. O santo Padre auspicia um novo \u00edmpeto mission\u00e1rio e encoraja o papel dos leigos nas comunidades eclesiais.<\/div>\n<div><\/div>\n<div>\u201cA Amaz\u00f4nia querida apresenta-se aos olhos do mundo com todo o seu esplendor, o seu drama e o seu mist\u00e9rio.\u201d Assim tem in\u00edcio a Exorta\u00e7\u00e3o apost\u00f3lica p\u00f3s-sinodal, <i>Querida Amaz\u00f4nia<\/i>. O Pont\u00edfice, nos primeiros pontos, (2-4) explica \u201co sentido desta Exorta\u00e7\u00e3o\u201d, rica de refer\u00eancias a documentos das Confer\u00eancias episcopais dos pa\u00edses amaz\u00f4nicos, mas tamb\u00e9m a poesias de autores ligados \u00e0 Amaz\u00f4nia. Francisco destaca que deseja \u201cexpressar as resson\u00e2ncias\u201d que o S\u00ednodo provocou nele. E esclarece que n\u00e3o pretende substituir nem repetir o Documento final, que convida a ler \u201cintegralmente\u201d, fazendo votos de que toda a Igreja se deixe \u201cenriquecer e interpelar\u201d por este trabalho e que a Igreja na Amaz\u00f4nia se empenhe \u201cna sua aplica\u00e7\u00e3o\u201d. O Papa compartilha os seus \u201cSonhos para a Amaz\u00f4nia\u201d (5-7), cujo destino deve preocupar a todos, porque esta terra tamb\u00e9m \u00e9 \u201cnossa\u201d. Assim, formula \u201cquatro grandes sonhos\u201d: que a Amaz\u00f4nia \u201cque lute pelos direitos dos mais pobres\u201d, \u201cque preserve a riqueza cultural\u201d, que \u201cque guarde zelosamente a sedutora beleza natural\u201d, que, por fim, as comunidades crist\u00e3s sejam \u201ccapazes de se devotar e encarnar na Amaz\u00f4nia\u201d.<\/div>\n<div><\/div>\n<div><a href=\"https:\/\/is.gd\/nl0qpm\"><strong>Leia a Exorta\u00e7\u00e3o Apost\u00f3lica P\u00f3s-Sinodal &#8220;Querida Amaz\u00f4nia&#8221; na \u00edntegra<\/strong><\/a><\/div>\n<div><\/div>\n<div>\n<p><em>Trecho extra\u00eddo de Alessandro Gisotti &#8211; Vatican News<\/em><\/p>\n<\/div>\n","protected":false},"excerpt":{"rendered":"<p>A Exorta\u00e7\u00e3o p\u00f3s-sinodal sobre a Amaz\u00f4nia foi publicada esta quarta-feira (12\/02). O documento vem tra\u00e7ar novos caminhos para a evangeliza\u00e7\u00e3o e cuidados do meio ambiente e dos mais necessitados. O santo Padre auspicia um novo \u00edmpeto mission\u00e1rio e encoraja o papel dos leigos nas comunidades eclesiais. \u201cA Amaz\u00f4nia querida apresenta-se aos olhos do mundo com &hellip;<\/p>\n","protected":false},"author":1,"featured_media":9568,"comment_status":"closed","ping_status":"closed","sticky":false,"template":"","format":"standard","meta":{"footnotes":""},"categories":[104],"tags":[191,456,71,455,123],"class_list":["post-9567","post","type-post","status-publish","format-standard","has-post-thumbnail","hentry","category-noticias-da-cnbb","tag-cnbb","tag-exortacao-apostolica","tag-papa-francisco","tag-querida-amazonia","tag-vaticano"],"_links":{"self":[{"href":"https:\/\/dioceseteixeiradefreitas.com.br\/index.php?rest_route=\/wp\/v2\/posts\/9567","targetHints":{"allow":["GET"]}}],"collection":[{"href":"https:\/\/dioceseteixeiradefreitas.com.br\/index.php?rest_route=\/wp\/v2\/posts"}],"about":[{"href":"https:\/\/dioceseteixeiradefreitas.com.br\/index.php?rest_route=\/wp\/v2\/types\/post"}],"author":[{"embeddable":true,"href":"https:\/\/dioceseteixeiradefreitas.com.br\/index.php?rest_route=\/wp\/v2\/users\/1"}],"replies":[{"embeddable":true,"href":"https:\/\/dioceseteixeiradefreitas.com.br\/index.php?rest_route=%2Fwp%2Fv2%2Fcomments&post=9567"}],"version-history":[{"count":1,"href":"https:\/\/dioceseteixeiradefreitas.com.br\/index.php?rest_route=\/wp\/v2\/posts\/9567\/revisions"}],"predecessor-version":[{"id":9569,"href":"https:\/\/dioceseteixeiradefreitas.com.br\/index.php?rest_route=\/wp\/v2\/posts\/9567\/revisions\/9569"}],"wp:featuredmedia":[{"embeddable":true,"href":"https:\/\/dioceseteixeiradefreitas.com.br\/index.php?rest_route=\/wp\/v2\/media\/9568"}],"wp:attachment":[{"href":"https:\/\/dioceseteixeiradefreitas.com.br\/index.php?rest_route=%2Fwp%2Fv2%2Fmedia&parent=9567"}],"wp:term":[{"taxonomy":"category","embeddable":true,"href":"https:\/\/dioceseteixeiradefreitas.com.br\/index.php?rest_route=%2Fwp%2Fv2%2Fcategories&post=9567"},{"taxonomy":"post_tag","embeddable":true,"href":"https:\/\/dioceseteixeiradefreitas.com.br\/index.php?rest_route=%2Fwp%2Fv2%2Ftags&post=9567"}],"curies":[{"name":"wp","href":"https:\/\/api.w.org\/{rel}","templated":true}]}}