{"id":9881,"date":"2020-03-19T12:31:26","date_gmt":"2020-03-19T15:31:26","guid":{"rendered":"https:\/\/dioceseteixeiradefreitas.com.br\/?p=9881"},"modified":"2020-03-30T20:49:12","modified_gmt":"2020-03-30T23:49:12","slug":"nota-pastoral-02-diocese-divulga-novas-recomendacoes-para-a-prevencao-contra-o-coronavirus","status":"publish","type":"post","link":"https:\/\/dioceseteixeiradefreitas.com.br\/?p=9881","title":{"rendered":"NOTA PASTORAL 02: Diocese divulga novas recomenda\u00e7\u00f5es para a preven\u00e7\u00e3o contra o Coronav\u00edrus"},"content":{"rendered":"<figure id=\"attachment_9821\" aria-describedby=\"caption-attachment-9821\" style=\"width: 661px\" class=\"wp-caption aligncenter\"><img loading=\"lazy\" decoding=\"async\" class=\"wp-image-9821\" src=\"https:\/\/dioceseteixeiradefreitas.com.br\/wp-content\/uploads\/2020\/03\/BRAS\u00c3O-CORONAV\u00cdRUS.jpg\" alt=\"\" width=\"661\" height=\"661\" srcset=\"https:\/\/dioceseteixeiradefreitas.com.br\/wp-content\/uploads\/2020\/03\/BRAS\u00c3O-CORONAV\u00cdRUS.jpg 768w, https:\/\/dioceseteixeiradefreitas.com.br\/wp-content\/uploads\/2020\/03\/BRAS\u00c3O-CORONAV\u00cdRUS-300x300.jpg 300w, https:\/\/dioceseteixeiradefreitas.com.br\/wp-content\/uploads\/2020\/03\/BRAS\u00c3O-CORONAV\u00cdRUS-100x100.jpg 100w, https:\/\/dioceseteixeiradefreitas.com.br\/wp-content\/uploads\/2020\/03\/BRAS\u00c3O-CORONAV\u00cdRUS-600x600.jpg 600w, https:\/\/dioceseteixeiradefreitas.com.br\/wp-content\/uploads\/2020\/03\/BRAS\u00c3O-CORONAV\u00cdRUS-150x150.jpg 150w\" sizes=\"auto, (max-width: 661px) 100vw, 661px\" \/><figcaption id=\"caption-attachment-9821\" class=\"wp-caption-text\">Segunda Nota Pastoral \u2013 Imagem: PASCOM\/Divulga\u00e7\u00e3o<\/figcaption><\/figure>\n<p style=\"text-align: center;\"><strong>NOTA PASTORAL N\u00ba. 02 REFERENTE \u00c0 PREVEN\u00c7\u00c3O DO CORONAV\u00cdRUS (Covid\u201319) NA DIOCESE<\/strong><br \/>\n&#8220;Eis que estarei convosco todos os dias, at\u00e9 o fim dos tempos&#8221; (Mt 28, 20)<\/p>\n<p>&nbsp;<\/p>\n<p>O bispo diocesano de Teixeira de Freitas\/Caravelas, Dom Jailton de Oliveira Lino Psdp, por Merc\u00ea de Deus e da Santa S\u00e9 Apost\u00f3lica, considerando o compromisso com o cuidado da VIDA: DOM E COMPROMISSO, como exorta a Campanha da Fraternidade, neste tempo quaresmal de penit\u00eancia e convers\u00e3o. Neste momento dif\u00edcil para todos, recordamos o ensinamento da Palavra. Considerando a situa\u00e7\u00e3o emergencial internacional sem precedentes na hist\u00f3ria recente. Considerando \u00e0s \u00faltimas medidas de preven\u00e7\u00e3o emitidas pelas autoridades sanit\u00e1rias competentes, para conter o avan\u00e7o da pandemia do Coronav\u00edrus. Considerando a grave responsabilidade de salvaguardar o bem dos fi\u00e9is, e de orientar e conduzir o Povo de Deus da Diocese de Teixeira de Freitas\/Caravelas, que lhe foi confiada pelo Senhor <em>\u201ccuidai do rebanho de Deus que est\u00e1 sob o vosso cuidado\u201d<\/em> (1Pd 5, 2). Considerando \u00e0s medidas preventivas emitidas pela Diocese na primeira Nota Pastoral em 16\/03\/2020. Considerando que continuam no ar muitas perguntas dos padres e leigos sobre como levar adiante a vida das par\u00f3quias e demais organiza\u00e7\u00f5es da nossa Igreja neste tempo de pandemia. \u00c9 bom saber que ainda n\u00e3o temos respostas para todas as perguntas, pois a crise ainda est\u00e1 no seu in\u00edcio. Portanto, al\u00e9m das orienta\u00e7\u00f5es j\u00e1 dadas a toda a Diocese, continuemos atentos para os pr\u00f3ximos desenvolvimentos da crise e as eventuais decis\u00f5es. Esperemos que a crise possa estar superada o quanto antes, mas disso n\u00e3o temos hoje a certeza. Portanto, precisamos caminhar conforme as coisas v\u00e3o se desenrolando. Sem p\u00e2nico, mas com f\u00e9, coragem, muito trabalho e aten\u00e7\u00e3o.<strong> DETERMINA<\/strong>, para fins de preven\u00e7\u00e3o da transmiss\u00e3o do v\u00edrus COVID\u201319 (Coronav\u00edrus), as seguintes <strong>novas medidas, para todas as Par\u00f3quias, Comunidades, Pastorais e Movimentos eclesiais<\/strong> no territ\u00f3rio da Diocese de Teixeira de Freitas\/Caravelas:<\/p>\n<h3 style=\"text-align: center;\"><span class=\"cb-justified-justify\"><b>Confira as novas recomenda\u00e7\u00f5es em nota na \u00edntegra:<\/b><\/span><\/h3>\n<div class=\"XzvDs _208Ie tFDi5 blog-post-text-font blog-post-text-color _2QAo- _25MYV _6RI6N tFDi5\">\n<h2 class=\"XzvDs _208Ie tFDi5 blog-post-text-font blog-post-text-color _2QAo- _25MYV _6RI6N tFDi5\" style=\"text-align: center;\"><a href=\"https:\/\/dioceseteixeiradefreitas.com.br\/wp-content\/uploads\/2020\/03\/Nota-Pastoral-Coronav\u00edrus-19.03.2020.pdf\">Clique Aqui<\/a><\/h2>\n<\/div>\n<p style=\"text-align: center;\"><strong>As mudan\u00e7as devem ser cumpridas at\u00e9 segunda ordem.<\/strong><\/p>\n<p>Ou\u00e7a o \u00e1udio do bispo Dom Jailton, explicando sobre \u00e0s novas medidas adotadas na Diocese:<\/p>\n<audio class=\"wp-audio-shortcode\" id=\"audio-9881-1\" preload=\"none\" style=\"width: 100%;\" controls=\"controls\"><source type=\"audio\/mpeg\" src=\"https:\/\/dioceseteixeiradefreitas.com.br\/wp-content\/uploads\/2020\/03\/Audio-DOm-jailton-novas-medidas.mp3?_=1\" \/><a href=\"https:\/\/dioceseteixeiradefreitas.com.br\/wp-content\/uploads\/2020\/03\/Audio-DOm-jailton-novas-medidas.mp3\">https:\/\/dioceseteixeiradefreitas.com.br\/wp-content\/uploads\/2020\/03\/Audio-DOm-jailton-novas-medidas.mp3<\/a><\/audio>\n<p>&nbsp;<\/p>\n","protected":false},"excerpt":{"rendered":"<p>NOTA PASTORAL N\u00ba. 02 REFERENTE \u00c0 PREVEN\u00c7\u00c3O DO CORONAV\u00cdRUS (Covid\u201319) NA DIOCESE &#8220;Eis que estarei convosco todos os dias, at\u00e9 o fim dos tempos&#8221; (Mt 28, 20) &nbsp; O bispo diocesano de Teixeira de Freitas\/Caravelas, Dom Jailton de Oliveira Lino Psdp, por Merc\u00ea de Deus e da Santa S\u00e9 Apost\u00f3lica, considerando o compromisso com o &hellip;<\/p>\n","protected":false},"author":1,"featured_media":9821,"comment_status":"closed","ping_status":"closed","sticky":false,"template":"","format":"standard","meta":{"footnotes":""},"categories":[51],"tags":[477,125,60,485,484],"class_list":["post-9881","post","type-post","status-publish","format-standard","has-post-thumbnail","hentry","category-notas","tag-coronavirus","tag-diocese","tag-dom-jailton","tag-nota-pastoral","tag-novas-recomendacoes"],"_links":{"self":[{"href":"https:\/\/dioceseteixeiradefreitas.com.br\/index.php?rest_route=\/wp\/v2\/posts\/9881","targetHints":{"allow":["GET"]}}],"collection":[{"href":"https:\/\/dioceseteixeiradefreitas.com.br\/index.php?rest_route=\/wp\/v2\/posts"}],"about":[{"href":"https:\/\/dioceseteixeiradefreitas.com.br\/index.php?rest_route=\/wp\/v2\/types\/post"}],"author":[{"embeddable":true,"href":"https:\/\/dioceseteixeiradefreitas.com.br\/index.php?rest_route=\/wp\/v2\/users\/1"}],"replies":[{"embeddable":true,"href":"https:\/\/dioceseteixeiradefreitas.com.br\/index.php?rest_route=%2Fwp%2Fv2%2Fcomments&post=9881"}],"version-history":[{"count":4,"href":"https:\/\/dioceseteixeiradefreitas.com.br\/index.php?rest_route=\/wp\/v2\/posts\/9881\/revisions"}],"predecessor-version":[{"id":9887,"href":"https:\/\/dioceseteixeiradefreitas.com.br\/index.php?rest_route=\/wp\/v2\/posts\/9881\/revisions\/9887"}],"wp:featuredmedia":[{"embeddable":true,"href":"https:\/\/dioceseteixeiradefreitas.com.br\/index.php?rest_route=\/wp\/v2\/media\/9821"}],"wp:attachment":[{"href":"https:\/\/dioceseteixeiradefreitas.com.br\/index.php?rest_route=%2Fwp%2Fv2%2Fmedia&parent=9881"}],"wp:term":[{"taxonomy":"category","embeddable":true,"href":"https:\/\/dioceseteixeiradefreitas.com.br\/index.php?rest_route=%2Fwp%2Fv2%2Fcategories&post=9881"},{"taxonomy":"post_tag","embeddable":true,"href":"https:\/\/dioceseteixeiradefreitas.com.br\/index.php?rest_route=%2Fwp%2Fv2%2Ftags&post=9881"}],"curies":[{"name":"wp","href":"https:\/\/api.w.org\/{rel}","templated":true}]}}