{"id":9888,"date":"2020-03-21T19:47:52","date_gmt":"2020-03-21T22:47:52","guid":{"rendered":"https:\/\/dioceseteixeiradefreitas.com.br\/?p=9888"},"modified":"2020-03-21T21:07:54","modified_gmt":"2020-03-22T00:07:54","slug":"confira-dias-e-horarios-de-missas-a-serem-transmitidas-pela-diocese-paroquias-emissoras-de-radio-e-tv","status":"publish","type":"post","link":"https:\/\/dioceseteixeiradefreitas.com.br\/?p=9888","title":{"rendered":"Confira dias e hor\u00e1rios de Missas a serem transmitidas pela Diocese, Par\u00f3quias, emissoras de R\u00e1dio e TV"},"content":{"rendered":"<figure id=\"attachment_9892\" aria-describedby=\"caption-attachment-9892\" style=\"width: 608px\" class=\"wp-caption aligncenter\"><img loading=\"lazy\" decoding=\"async\" class=\"wp-image-9892\" src=\"https:\/\/dioceseteixeiradefreitas.com.br\/wp-content\/uploads\/2020\/03\/8a866345-b41a-493f-a65e-eabc31c37c85.png\" alt=\"\" width=\"608\" height=\"608\" srcset=\"https:\/\/dioceseteixeiradefreitas.com.br\/wp-content\/uploads\/2020\/03\/8a866345-b41a-493f-a65e-eabc31c37c85.png 1280w, https:\/\/dioceseteixeiradefreitas.com.br\/wp-content\/uploads\/2020\/03\/8a866345-b41a-493f-a65e-eabc31c37c85-300x300.png 300w, https:\/\/dioceseteixeiradefreitas.com.br\/wp-content\/uploads\/2020\/03\/8a866345-b41a-493f-a65e-eabc31c37c85-100x100.png 100w, https:\/\/dioceseteixeiradefreitas.com.br\/wp-content\/uploads\/2020\/03\/8a866345-b41a-493f-a65e-eabc31c37c85-600x600.png 600w, https:\/\/dioceseteixeiradefreitas.com.br\/wp-content\/uploads\/2020\/03\/8a866345-b41a-493f-a65e-eabc31c37c85-1024x1024.png 1024w, https:\/\/dioceseteixeiradefreitas.com.br\/wp-content\/uploads\/2020\/03\/8a866345-b41a-493f-a65e-eabc31c37c85-150x150.png 150w, https:\/\/dioceseteixeiradefreitas.com.br\/wp-content\/uploads\/2020\/03\/8a866345-b41a-493f-a65e-eabc31c37c85-768x768.png 768w\" sizes=\"auto, (max-width: 608px) 100vw, 608px\" \/><figcaption id=\"caption-attachment-9892\" class=\"wp-caption-text\">Hor\u00e1rios das celebra\u00e7\u00f5es transmitidas ao vivo &#8211; PASCOM\/Divulga\u00e7\u00e3o<\/figcaption><\/figure>\n<p>Diante da pandemia do Covid-19, o novo coronav\u00edrus, o povo brasileiro est\u00e1 passando por mudan\u00e7as nos seus h\u00e1bitos. Estas mudan\u00e7as s\u00e3o acolhidas pela Igreja, visando o bem do povo, como cuidado com o dom da vida, especialmente neste tempo quaresmal.\u00a0Considerando que a <strong>diocese emitiu uma nova Nota Pastoral n. 02, que entre algumas medidas,<\/strong> a suspens\u00e3o de Missas com a presen\u00e7a de fi\u00e9is no interior das Igrejas, no per\u00edodo de 20 de mar\u00e7o a 03 de abril. A medida visa a prote\u00e7\u00e3o do povo de Deus, uma vez que as autoridades de Governo e profissionais da sa\u00fade pedem que se evite a aglomera\u00e7\u00e3o de pessoas.<\/p>\n<p>Diante da impossibilidade de participar presencialmente, os fi\u00e9is ter\u00e3o a <strong>oportunidade de acompanharem as celebra\u00e7\u00f5es ao vivo pelas redes sociais<\/strong>, sem sa\u00edrem de seus lares e assim, viverem seus momentos de comunh\u00e3o e ora\u00e7\u00e3o neste momento de crise.<\/p>\n<p>Reunimos, a seguir, todos os hor\u00e1rios de transmiss\u00e3o ao vivo que ser\u00e3o realizadas pela WEBTV da PASCOM Diocesana e tamb\u00e9m das PASCOMS Paroquiais, algumas com apoio de R\u00e1dios locais, como Sucesso Fm (104,9) e Cara\u00edpe Fm (100,5). Neste sentido, orientamos que os fi\u00e9is sejam propagadores, divulgando este informe com amplitude \u00e0 todas as pessoas.<\/p>\n<p>Essa \u00e9 uma das iniciativas que a Pastoral da Comunica\u00e7\u00e3o (PASCOM) da Diocese de Teixeira de Freitas\/Caravelas e a Igreja no Brasil tem encontrado para estar mais perto e em comunh\u00e3o com o povo de Deus de modo virtual neste momento em que o Brasil est\u00e1 em quarentena.<\/p>\n<p>Para que voc\u00ea, que est\u00e1 em casa, possa acompanhar as Celebra\u00e7\u00f5es Eucar\u00edsticas, n\u00f3s destacamos alguns perfis oficiais das par\u00f3quias, bem como os hor\u00e1rios das Missas que ser\u00e3o transmitidas ao vivo. Confira:<\/p>\n<p><strong>WEBTV PASCOM Diocesana <a href=\"https:\/\/www.youtube.com\/channel\/UCMykYYldSfEG12A37Z23naA\">(Acompanhe por aqui)<\/a><\/strong><br \/>\n<strong>Domingo:<\/strong> 07h, 10h e 18h<br \/>\n<strong>Segunda a Sexta:<\/strong> 18h &#8211; Ora\u00e7\u00e3o das V\u00e9speras com Adora\u00e7\u00e3o e Ben\u00e7\u00e3o do Sant\u00edssimo Sacramento com Dom Jailton<br \/>\n<strong>Quarta-feira:<\/strong> 07h &#8211; Missa (Solenidade da Anuncia\u00e7\u00e3o do Senhor) presidida por Dom Jailton<br \/>\n<strong>Sexta-feira:<\/strong> 12h &#8211; Missa da Miseric\u00f3rdia com Pe. Edivaldo<\/p>\n<p><strong>PASCOM Catedral S\u00e3o Pedro <a href=\"https:\/\/www.facebook.com\/catedralsaopedro\/\">(Acompanhe por aqui)<\/a><\/strong><br \/>\n<strong>Ter\u00e7a a Quinta:<\/strong> 07h &#8211; Missa<br \/>\n<strong>S\u00e1bado:<\/strong> 07h &#8211; Missa<br \/>\n<strong>Domingo:<\/strong> 19h30 &#8211; Com. S\u00e3o Miguel<\/p>\n<p><strong>PASCONS PAROQUIAIS<\/strong><br \/>\n07h &#8211; Par\u00f3quia Santo Ant\u00f4nio &#8211; Distrito <a href=\"https:\/\/www.facebook.com\/pg\/ParoquiaSantoAntonioPST\">(Acompanhe por Aqui)<\/a><br \/>\n08h &#8211; Par\u00f3quia S\u00e3o Louren\u00e7o <a href=\"https:\/\/www.facebook.com\/saolourencotx\/\">(Acompanhe por Aqui)<\/a><br \/>\n09h &#8211; Par\u00f3quia Imaculada Concei\u00e7\u00e3o <a href=\"https:\/\/www.facebook.com\/paroquiaimaculadaconceicaotx\">(Acompanhe por Aqui)<\/a><br \/>\n08h &#8211; Par\u00f3quia Santa Rita de C\u00e1ssia <a href=\"https:\/\/www.instagram.com\/paroqsantarita\/\">(Acompanhe por Aqui)<\/a><br \/>\n09h &#8211; Par\u00f3quia Nossa Senhora das Gra\u00e7as<a href=\"https:\/\/www.facebook.com\/rainhadasgracass\"> (Acompanhe por Aqui)<\/a><br \/>\n07h \/ 19h &#8211; Par\u00f3quia S\u00e3o Francisco de Assis <a href=\"https:\/\/www.facebook.com\/saofranciscotx\/\">(Acompanhe por Aqui)<\/a><br \/>\n08h &#8211; Par\u00f3quia S\u00e3o Cosme e S\u00e3o Dami\u00e3o &#8211; Itamaraju <a href=\"https:\/\/www.facebook.com\/PascomCosmeDamiaoIta\/\">(Acompanhe por Aqui)<\/a><br \/>\n08h &#8211; Par\u00f3quia Nossa Senhora de F\u00e1tima &#8211; Itamaraju <a href=\"https:\/\/www.facebook.com\/profile.php?id=100010512794954\">(Acompanhe por Aqui)<\/a><br \/>\n07h &#8211; Par\u00f3quia Nossa Senhora da Purifica\u00e7\u00e3o &#8211; Prado <a href=\"https:\/\/www.facebook.com\/nspurificacao\/\">(Acompanhe por Aqui)<\/a><br \/>\n07h \/ 19h &#8211; Par\u00f3quia S\u00e3o Bernardo <a href=\"https:\/\/www.facebook.com\/pascom.alcobaca\/\">(Acompanhe por Aqui)<\/a><br \/>\n07h \/ 19h &#8211; Par\u00f3quia Imaculada Concei\u00e7\u00e3o <a href=\"https:\/\/www.facebook.com\/profile.php?id=100012127426438\">(Acompanhe por Aqui)<\/a><br \/>\n09h \/ 19h &#8211; Par\u00f3quia Nossa Senhora D\u2019Ajuda &#8211; Itanh\u00e9m <a href=\"https:\/\/www.facebook.com\/maedajuda\/\">(Acompanhe por Aqui)<\/a><br \/>\n08h \/ 19h &#8211; Par\u00f3quia Nossa Senhora das Gra\u00e7as &#8211; Lajed\u00e3o <a href=\"https:\/\/www.facebook.com\/pascom.lajedao\/\">(Acompanhe por Aqui)<\/a><br \/>\n09h &#8211; Par\u00f3quia S\u00e3o Benedito &#8211; Posto da Mata <a href=\"https:\/\/www.facebook.com\/pascom.postodamata\/\">(Acompanhe por Aqui)<\/a><br \/>\n19h &#8211; Par\u00f3quia S\u00e3o Jos\u00e9 &#8211; Mucuri <a href=\"https:\/\/www.facebook.com\/pascommucuri\/\">(Acompanhe por Aqui)<\/a><\/p>\n<p><strong>R\u00e1dio Sucesso Fm (104,9) <a href=\"https:\/\/radio.jmvstream.com\/expanded\/NnFh\">(Acompanhe por Aqui)<\/a><\/strong><br \/>\n<strong>Domingo:<\/strong> 07h e 18h<\/p>\n<p><strong>R\u00e1dio Cara\u00edpe Fm (100,5) <a href=\"http:\/\/www.radios.com.br\/play\/11176\">(Acompanhe por Aqui)<\/a><\/strong><br \/>\n<strong>Domingo:<\/strong> 07 e 18h<\/p>\n<p><strong>R\u00e1dio Prado Fm (104,9) <a href=\"http:\/\/www.radios.com.br\/play\/85085\">(Acompanhe por Aqui)<\/a><\/strong><br \/>\n<strong>Domingo:<\/strong> 07h<\/p>\n<p><strong>TV PAI ETERNO HD (Canal 25.1 Digital)<\/strong><br \/>\n<strong>Domingo:<\/strong> 6h, 8h, 10h e 17h30<br \/>\n<strong>Segunda a sexta:<\/strong> 7h e 19h30<br \/>\n<strong>Quarta-feira:<\/strong> 7h, 9h e 19h30<br \/>\n<strong>S\u00e1bado: <\/strong>7h e 17h30<\/p>\n<div id='gallery-1' class='gallery galleryid-9888 gallery-columns-3 gallery-size-medium'><figure class='gallery-item'>\n\t\t\t<div class='gallery-icon portrait'>\n\t\t\t\t<a href='https:\/\/dioceseteixeiradefreitas.com.br\/wp-content\/uploads\/2020\/03\/b0793232-914c-43f8-9774-aba10de5fced_1.png'><img loading=\"lazy\" decoding=\"async\" width=\"225\" height=\"300\" src=\"https:\/\/dioceseteixeiradefreitas.com.br\/wp-content\/uploads\/2020\/03\/b0793232-914c-43f8-9774-aba10de5fced_1-225x300.png\" class=\"attachment-medium size-medium\" alt=\"\" srcset=\"https:\/\/dioceseteixeiradefreitas.com.br\/wp-content\/uploads\/2020\/03\/b0793232-914c-43f8-9774-aba10de5fced_1-225x300.png 225w, https:\/\/dioceseteixeiradefreitas.com.br\/wp-content\/uploads\/2020\/03\/b0793232-914c-43f8-9774-aba10de5fced_1-600x800.png 600w, https:\/\/dioceseteixeiradefreitas.com.br\/wp-content\/uploads\/2020\/03\/b0793232-914c-43f8-9774-aba10de5fced_1-768x1024.png 768w, https:\/\/dioceseteixeiradefreitas.com.br\/wp-content\/uploads\/2020\/03\/b0793232-914c-43f8-9774-aba10de5fced_1.png 960w\" sizes=\"auto, (max-width: 225px) 100vw, 225px\" \/><\/a>\n\t\t\t<\/div><\/figure><figure class='gallery-item'>\n\t\t\t<div class='gallery-icon landscape'>\n\t\t\t\t<a href='https:\/\/dioceseteixeiradefreitas.com.br\/wp-content\/uploads\/2020\/03\/2.png'><img loading=\"lazy\" decoding=\"async\" width=\"300\" height=\"300\" src=\"https:\/\/dioceseteixeiradefreitas.com.br\/wp-content\/uploads\/2020\/03\/2-300x300.png\" class=\"attachment-medium size-medium\" alt=\"\" srcset=\"https:\/\/dioceseteixeiradefreitas.com.br\/wp-content\/uploads\/2020\/03\/2-300x300.png 300w, https:\/\/dioceseteixeiradefreitas.com.br\/wp-content\/uploads\/2020\/03\/2-100x100.png 100w, https:\/\/dioceseteixeiradefreitas.com.br\/wp-content\/uploads\/2020\/03\/2-600x600.png 600w, https:\/\/dioceseteixeiradefreitas.com.br\/wp-content\/uploads\/2020\/03\/2-1024x1024.png 1024w, https:\/\/dioceseteixeiradefreitas.com.br\/wp-content\/uploads\/2020\/03\/2-150x150.png 150w, https:\/\/dioceseteixeiradefreitas.com.br\/wp-content\/uploads\/2020\/03\/2-768x768.png 768w, https:\/\/dioceseteixeiradefreitas.com.br\/wp-content\/uploads\/2020\/03\/2.png 1280w\" sizes=\"auto, (max-width: 300px) 100vw, 300px\" \/><\/a>\n\t\t\t<\/div><\/figure><figure class='gallery-item'>\n\t\t\t<div class='gallery-icon landscape'>\n\t\t\t\t<a href='https:\/\/dioceseteixeiradefreitas.com.br\/wp-content\/uploads\/2020\/03\/3.png'><img loading=\"lazy\" decoding=\"async\" width=\"300\" height=\"300\" src=\"https:\/\/dioceseteixeiradefreitas.com.br\/wp-content\/uploads\/2020\/03\/3-300x300.png\" class=\"attachment-medium size-medium\" alt=\"\" srcset=\"https:\/\/dioceseteixeiradefreitas.com.br\/wp-content\/uploads\/2020\/03\/3-300x300.png 300w, https:\/\/dioceseteixeiradefreitas.com.br\/wp-content\/uploads\/2020\/03\/3-100x100.png 100w, https:\/\/dioceseteixeiradefreitas.com.br\/wp-content\/uploads\/2020\/03\/3-600x600.png 600w, https:\/\/dioceseteixeiradefreitas.com.br\/wp-content\/uploads\/2020\/03\/3-1024x1024.png 1024w, https:\/\/dioceseteixeiradefreitas.com.br\/wp-content\/uploads\/2020\/03\/3-150x150.png 150w, https:\/\/dioceseteixeiradefreitas.com.br\/wp-content\/uploads\/2020\/03\/3-768x768.png 768w, https:\/\/dioceseteixeiradefreitas.com.br\/wp-content\/uploads\/2020\/03\/3.png 1280w\" sizes=\"auto, (max-width: 300px) 100vw, 300px\" \/><\/a>\n\t\t\t<\/div><\/figure><figure class='gallery-item'>\n\t\t\t<div class='gallery-icon landscape'>\n\t\t\t\t<a href='https:\/\/dioceseteixeiradefreitas.com.br\/wp-content\/uploads\/2020\/03\/4.png'><img loading=\"lazy\" decoding=\"async\" width=\"300\" height=\"300\" src=\"https:\/\/dioceseteixeiradefreitas.com.br\/wp-content\/uploads\/2020\/03\/4-300x300.png\" class=\"attachment-medium size-medium\" alt=\"\" srcset=\"https:\/\/dioceseteixeiradefreitas.com.br\/wp-content\/uploads\/2020\/03\/4-300x300.png 300w, https:\/\/dioceseteixeiradefreitas.com.br\/wp-content\/uploads\/2020\/03\/4-100x100.png 100w, https:\/\/dioceseteixeiradefreitas.com.br\/wp-content\/uploads\/2020\/03\/4-600x600.png 600w, https:\/\/dioceseteixeiradefreitas.com.br\/wp-content\/uploads\/2020\/03\/4-1024x1024.png 1024w, https:\/\/dioceseteixeiradefreitas.com.br\/wp-content\/uploads\/2020\/03\/4-150x150.png 150w, https:\/\/dioceseteixeiradefreitas.com.br\/wp-content\/uploads\/2020\/03\/4-768x768.png 768w, https:\/\/dioceseteixeiradefreitas.com.br\/wp-content\/uploads\/2020\/03\/4.png 1280w\" sizes=\"auto, (max-width: 300px) 100vw, 300px\" \/><\/a>\n\t\t\t<\/div><\/figure><figure class='gallery-item'>\n\t\t\t<div class='gallery-icon landscape'>\n\t\t\t\t<a href='https:\/\/dioceseteixeiradefreitas.com.br\/wp-content\/uploads\/2020\/03\/5.png'><img loading=\"lazy\" decoding=\"async\" width=\"300\" height=\"300\" src=\"https:\/\/dioceseteixeiradefreitas.com.br\/wp-content\/uploads\/2020\/03\/5-300x300.png\" class=\"attachment-medium size-medium\" alt=\"\" srcset=\"https:\/\/dioceseteixeiradefreitas.com.br\/wp-content\/uploads\/2020\/03\/5-300x300.png 300w, https:\/\/dioceseteixeiradefreitas.com.br\/wp-content\/uploads\/2020\/03\/5-100x100.png 100w, https:\/\/dioceseteixeiradefreitas.com.br\/wp-content\/uploads\/2020\/03\/5-600x600.png 600w, https:\/\/dioceseteixeiradefreitas.com.br\/wp-content\/uploads\/2020\/03\/5-1024x1024.png 1024w, https:\/\/dioceseteixeiradefreitas.com.br\/wp-content\/uploads\/2020\/03\/5-150x150.png 150w, https:\/\/dioceseteixeiradefreitas.com.br\/wp-content\/uploads\/2020\/03\/5-768x768.png 768w, https:\/\/dioceseteixeiradefreitas.com.br\/wp-content\/uploads\/2020\/03\/5.png 1280w\" sizes=\"auto, (max-width: 300px) 100vw, 300px\" \/><\/a>\n\t\t\t<\/div><\/figure><figure class='gallery-item'>\n\t\t\t<div class='gallery-icon landscape'>\n\t\t\t\t<a href='https:\/\/dioceseteixeiradefreitas.com.br\/wp-content\/uploads\/2020\/03\/6.png'><img loading=\"lazy\" decoding=\"async\" width=\"300\" height=\"300\" src=\"https:\/\/dioceseteixeiradefreitas.com.br\/wp-content\/uploads\/2020\/03\/6-300x300.png\" class=\"attachment-medium size-medium\" alt=\"\" srcset=\"https:\/\/dioceseteixeiradefreitas.com.br\/wp-content\/uploads\/2020\/03\/6-300x300.png 300w, https:\/\/dioceseteixeiradefreitas.com.br\/wp-content\/uploads\/2020\/03\/6-100x100.png 100w, https:\/\/dioceseteixeiradefreitas.com.br\/wp-content\/uploads\/2020\/03\/6-600x600.png 600w, https:\/\/dioceseteixeiradefreitas.com.br\/wp-content\/uploads\/2020\/03\/6-1024x1024.png 1024w, https:\/\/dioceseteixeiradefreitas.com.br\/wp-content\/uploads\/2020\/03\/6-150x150.png 150w, https:\/\/dioceseteixeiradefreitas.com.br\/wp-content\/uploads\/2020\/03\/6-768x768.png 768w, https:\/\/dioceseteixeiradefreitas.com.br\/wp-content\/uploads\/2020\/03\/6.png 1280w\" sizes=\"auto, (max-width: 300px) 100vw, 300px\" \/><\/a>\n\t\t\t<\/div><\/figure><figure class='gallery-item'>\n\t\t\t<div class='gallery-icon landscape'>\n\t\t\t\t<a href='https:\/\/dioceseteixeiradefreitas.com.br\/wp-content\/uploads\/2020\/03\/7.png'><img loading=\"lazy\" decoding=\"async\" width=\"300\" height=\"300\" src=\"https:\/\/dioceseteixeiradefreitas.com.br\/wp-content\/uploads\/2020\/03\/7-300x300.png\" class=\"attachment-medium size-medium\" alt=\"\" srcset=\"https:\/\/dioceseteixeiradefreitas.com.br\/wp-content\/uploads\/2020\/03\/7-300x300.png 300w, https:\/\/dioceseteixeiradefreitas.com.br\/wp-content\/uploads\/2020\/03\/7-100x100.png 100w, https:\/\/dioceseteixeiradefreitas.com.br\/wp-content\/uploads\/2020\/03\/7-600x600.png 600w, https:\/\/dioceseteixeiradefreitas.com.br\/wp-content\/uploads\/2020\/03\/7-1024x1024.png 1024w, https:\/\/dioceseteixeiradefreitas.com.br\/wp-content\/uploads\/2020\/03\/7-150x150.png 150w, https:\/\/dioceseteixeiradefreitas.com.br\/wp-content\/uploads\/2020\/03\/7-768x768.png 768w, https:\/\/dioceseteixeiradefreitas.com.br\/wp-content\/uploads\/2020\/03\/7.png 1280w\" sizes=\"auto, (max-width: 300px) 100vw, 300px\" \/><\/a>\n\t\t\t<\/div><\/figure>\n\t\t<\/div>\n\n","protected":false},"excerpt":{"rendered":"<p>Diante da pandemia do Covid-19, o novo coronav\u00edrus, o povo brasileiro est\u00e1 passando por mudan\u00e7as nos seus h\u00e1bitos. Estas mudan\u00e7as s\u00e3o acolhidas pela Igreja, visando o bem do povo, como cuidado com o dom da vida, especialmente neste tempo quaresmal.\u00a0Considerando que a diocese emitiu uma nova Nota Pastoral n. 02, que entre algumas medidas, a &hellip;<\/p>\n","protected":false},"author":1,"featured_media":9892,"comment_status":"closed","ping_status":"closed","sticky":false,"template":"","format":"standard","meta":{"footnotes":""},"categories":[100],"tags":[487,125,486,488,30,489],"class_list":["post-9888","post","type-post","status-publish","format-standard","has-post-thumbnail","hentry","category-noticias-diocesanas","tag-celebracao-eucaristica","tag-diocese","tag-horarios-de-missas","tag-missas","tag-pascom-2","tag-programacao"],"_links":{"self":[{"href":"https:\/\/dioceseteixeiradefreitas.com.br\/index.php?rest_route=\/wp\/v2\/posts\/9888","targetHints":{"allow":["GET"]}}],"collection":[{"href":"https:\/\/dioceseteixeiradefreitas.com.br\/index.php?rest_route=\/wp\/v2\/posts"}],"about":[{"href":"https:\/\/dioceseteixeiradefreitas.com.br\/index.php?rest_route=\/wp\/v2\/types\/post"}],"author":[{"embeddable":true,"href":"https:\/\/dioceseteixeiradefreitas.com.br\/index.php?rest_route=\/wp\/v2\/users\/1"}],"replies":[{"embeddable":true,"href":"https:\/\/dioceseteixeiradefreitas.com.br\/index.php?rest_route=%2Fwp%2Fv2%2Fcomments&post=9888"}],"version-history":[{"count":8,"href":"https:\/\/dioceseteixeiradefreitas.com.br\/index.php?rest_route=\/wp\/v2\/posts\/9888\/revisions"}],"predecessor-version":[{"id":9905,"href":"https:\/\/dioceseteixeiradefreitas.com.br\/index.php?rest_route=\/wp\/v2\/posts\/9888\/revisions\/9905"}],"wp:featuredmedia":[{"embeddable":true,"href":"https:\/\/dioceseteixeiradefreitas.com.br\/index.php?rest_route=\/wp\/v2\/media\/9892"}],"wp:attachment":[{"href":"https:\/\/dioceseteixeiradefreitas.com.br\/index.php?rest_route=%2Fwp%2Fv2%2Fmedia&parent=9888"}],"wp:term":[{"taxonomy":"category","embeddable":true,"href":"https:\/\/dioceseteixeiradefreitas.com.br\/index.php?rest_route=%2Fwp%2Fv2%2Fcategories&post=9888"},{"taxonomy":"post_tag","embeddable":true,"href":"https:\/\/dioceseteixeiradefreitas.com.br\/index.php?rest_route=%2Fwp%2Fv2%2Ftags&post=9888"}],"curies":[{"name":"wp","href":"https:\/\/api.w.org\/{rel}","templated":true}]}}