{"id":9907,"date":"2020-03-24T01:04:43","date_gmt":"2020-03-24T04:04:43","guid":{"rendered":"https:\/\/dioceseteixeiradefreitas.com.br\/?p=9907"},"modified":"2020-03-24T01:04:43","modified_gmt":"2020-03-24T04:04:43","slug":"papa-francisco-convida-todos-os-cristaos-a-rezar-juntos-o-pai-nosso-nesta-quarta-feira","status":"publish","type":"post","link":"https:\/\/dioceseteixeiradefreitas.com.br\/?p=9907","title":{"rendered":"Papa Francisco convida todos os crist\u00e3os a rezar juntos o Pai-Nosso nesta quarta-feira"},"content":{"rendered":"<p>&nbsp;<\/p>\n<figure id=\"attachment_9908\" aria-describedby=\"caption-attachment-9908\" style=\"width: 750px\" class=\"wp-caption aligncenter\"><img loading=\"lazy\" decoding=\"async\" class=\"wp-image-9908 size-full\" src=\"https:\/\/dioceseteixeiradefreitas.com.br\/wp-content\/uploads\/2020\/03\/cq5dam.thumbnail.cropped.750.422.jpeg\" alt=\"\" width=\"750\" height=\"422\" srcset=\"https:\/\/dioceseteixeiradefreitas.com.br\/wp-content\/uploads\/2020\/03\/cq5dam.thumbnail.cropped.750.422.jpeg 750w, https:\/\/dioceseteixeiradefreitas.com.br\/wp-content\/uploads\/2020\/03\/cq5dam.thumbnail.cropped.750.422-600x338.jpeg 600w, https:\/\/dioceseteixeiradefreitas.com.br\/wp-content\/uploads\/2020\/03\/cq5dam.thumbnail.cropped.750.422-300x169.jpeg 300w, https:\/\/dioceseteixeiradefreitas.com.br\/wp-content\/uploads\/2020\/03\/cq5dam.thumbnail.cropped.750.422-390x220.jpeg 390w\" sizes=\"auto, (max-width: 750px) 100vw, 750px\" \/><figcaption id=\"caption-attachment-9908\" class=\"wp-caption-text\">Cartaz Rezemos Juntos &#8211; Vatican News\/Reprodu\u00e7\u00e3o<\/figcaption><\/figure>\n<p>O mundo vive um momento delicado de prova\u00e7\u00e3o, enquanto a humanidade treme pela amea\u00e7a da pandemia, gostaria de <strong><em>propor a todos os crist\u00e3os unir suas vozes rumo ao C\u00e9u<\/em><\/strong>: disse o o Papa na sauda\u00e7\u00e3o ap\u00f3s a ora\u00e7\u00e3o mariana do Angelus, neste domingo (22\/03), recitada no Pal\u00e1cio Apost\u00f3lico &#8211; como tem feito excepcionalmente neste per\u00edodo, em tempos de quarentena do coronav\u00edrus, sem fi\u00e9is na Pra\u00e7a S\u00e3o Pedro \u2013, fazendo em seguida um forte convite para a pr\u00f3xima quarta-feira, 25 de mar\u00e7o, solenidade da Anuncia\u00e7\u00e3o do Senhor:<\/p>\n<p><i>\u201cConvido todos os Chefes das Igrejas e os l\u00edderes de todas as Comunidades crist\u00e3s, junto a todos os crist\u00e3os das v\u00e1rias confiss\u00f5es, a invocar o Alt\u00edssimo, Deus Todo-Poderoso, recitando simultaneamente a ora\u00e7\u00e3o que Jesus Nosso Senhor nos ensinou. Portanto, convido todos a recitar o Pai-Nosso ao meio-dia da pr\u00f3xima quarta-feira, 25 de mar\u00e7o. No dia em quem muitos crist\u00e3os recordam o an\u00fancio da Encarna\u00e7\u00e3o do Verbo \u00e0 Virgem Maria, que o Senhor possa ouvir a ora\u00e7\u00e3o un\u00e2nime de todos os seus disc\u00edpulos que se preparam para celebrar a vit\u00f3ria de Cristo Ressuscitado.\u201d<\/i><\/p>\n<h2>Na sexta-feira (27\/03), o Papa dar\u00e1 indulg\u00eancia plen\u00e1ria<\/h2>\n<p>Em seguida, o Papa Francisco afirmou que com essa mesma inten\u00e7\u00e3o, na pr\u00f3xima sexta-feira, 27 de mar\u00e7o, \u00e0s 18h local, (14h no hor\u00e1rio de Bras\u00edlia), presidir\u00e1 um momento de ora\u00e7\u00e3o na Bas\u00edlica de S\u00e3o Pedro, convidando todos, desde j\u00e1, a unirem espiritualmente em ora\u00e7\u00e3o com ele.<\/p>\n<p>&#8220;A ora\u00e7\u00e3o do Santo Padre &#8211; especifica o comunicado -, poder\u00e1 ser seguida ao vivo atrav\u00e9s dos meios de comunica\u00e7\u00e3o do Vaticano e ser\u00e1 conclu\u00edda com a B\u00ean\u00e7\u00e3o Eucar\u00edstica que ser\u00e1 concedida &#8220;<em>Urbi et orbi<\/em>&#8221; atrav\u00e9s dos meios de comunica\u00e7\u00e3o. A todos aqueles que se unir\u00e3o espiritualmente a este momento de ora\u00e7\u00e3o atrav\u00e9s da m\u00eddia <strong><em>ser\u00e1 concedida a indulg\u00eancia plen\u00e1ria<\/em><\/strong> de acordo com as condi\u00e7\u00f5es estabelecidas no recente decreto da Penitenci\u00e1ria Apost\u00f3lica&#8221;.<\/p>\n<p><iframe loading=\"lazy\" title=\"Cat\u00f3licos: encontro marcado com o Papa dia 27 de mar\u00e7o\" width=\"500\" height=\"281\" src=\"https:\/\/www.youtube.com\/embed\/ObT2EqH2Saw?feature=oembed\" frameborder=\"0\" allow=\"accelerometer; autoplay; clipboard-write; encrypted-media; gyroscope; picture-in-picture; web-share\" referrerpolicy=\"strict-origin-when-cross-origin\" allowfullscreen><\/iframe><\/p>\n","protected":false},"excerpt":{"rendered":"<p>&nbsp; O mundo vive um momento delicado de prova\u00e7\u00e3o, enquanto a humanidade treme pela amea\u00e7a da pandemia, gostaria de propor a todos os crist\u00e3os unir suas vozes rumo ao C\u00e9u: disse o o Papa na sauda\u00e7\u00e3o ap\u00f3s a ora\u00e7\u00e3o mariana do Angelus, neste domingo (22\/03), recitada no Pal\u00e1cio Apost\u00f3lico &#8211; como tem feito excepcionalmente neste &hellip;<\/p>\n","protected":false},"author":1,"featured_media":9908,"comment_status":"closed","ping_status":"closed","sticky":false,"template":"","format":"standard","meta":{"footnotes":""},"categories":[103],"tags":[125,492,491,71,490,442],"class_list":["post-9907","post","type-post","status-publish","format-standard","has-post-thumbnail","hentry","category-noticias-do-vaticano","tag-diocese","tag-indulgecia-plenaria","tag-pai-nosso","tag-papa-francisco","tag-rezemos-juntos","tag-vatican-news"],"_links":{"self":[{"href":"https:\/\/dioceseteixeiradefreitas.com.br\/index.php?rest_route=\/wp\/v2\/posts\/9907","targetHints":{"allow":["GET"]}}],"collection":[{"href":"https:\/\/dioceseteixeiradefreitas.com.br\/index.php?rest_route=\/wp\/v2\/posts"}],"about":[{"href":"https:\/\/dioceseteixeiradefreitas.com.br\/index.php?rest_route=\/wp\/v2\/types\/post"}],"author":[{"embeddable":true,"href":"https:\/\/dioceseteixeiradefreitas.com.br\/index.php?rest_route=\/wp\/v2\/users\/1"}],"replies":[{"embeddable":true,"href":"https:\/\/dioceseteixeiradefreitas.com.br\/index.php?rest_route=%2Fwp%2Fv2%2Fcomments&post=9907"}],"version-history":[{"count":1,"href":"https:\/\/dioceseteixeiradefreitas.com.br\/index.php?rest_route=\/wp\/v2\/posts\/9907\/revisions"}],"predecessor-version":[{"id":9909,"href":"https:\/\/dioceseteixeiradefreitas.com.br\/index.php?rest_route=\/wp\/v2\/posts\/9907\/revisions\/9909"}],"wp:featuredmedia":[{"embeddable":true,"href":"https:\/\/dioceseteixeiradefreitas.com.br\/index.php?rest_route=\/wp\/v2\/media\/9908"}],"wp:attachment":[{"href":"https:\/\/dioceseteixeiradefreitas.com.br\/index.php?rest_route=%2Fwp%2Fv2%2Fmedia&parent=9907"}],"wp:term":[{"taxonomy":"category","embeddable":true,"href":"https:\/\/dioceseteixeiradefreitas.com.br\/index.php?rest_route=%2Fwp%2Fv2%2Fcategories&post=9907"},{"taxonomy":"post_tag","embeddable":true,"href":"https:\/\/dioceseteixeiradefreitas.com.br\/index.php?rest_route=%2Fwp%2Fv2%2Ftags&post=9907"}],"curies":[{"name":"wp","href":"https:\/\/api.w.org\/{rel}","templated":true}]}}