{"id":9916,"date":"2020-04-01T11:35:45","date_gmt":"2020-04-01T14:35:45","guid":{"rendered":"https:\/\/dioceseteixeiradefreitas.com.br\/?p=9916"},"modified":"2020-04-01T12:48:46","modified_gmt":"2020-04-01T15:48:46","slug":"nota-pastoral-03-sobre-a-semana-santa-e-novos-procedimentos-de-enfrentamento-ao-coronavirus","status":"publish","type":"post","link":"https:\/\/dioceseteixeiradefreitas.com.br\/?p=9916","title":{"rendered":"NOTA PASTORAL 03: Sobre a Semana Santa e novos procedimentos de enfrentamento ao Coronav\u00edrus"},"content":{"rendered":"<figure id=\"attachment_9917\" aria-describedby=\"caption-attachment-9917\" style=\"width: 731px\" class=\"wp-caption aligncenter\"><img loading=\"lazy\" decoding=\"async\" class=\"wp-image-9917\" src=\"https:\/\/dioceseteixeiradefreitas.com.br\/wp-content\/uploads\/2020\/03\/LOGO-NOTA-PASTORAL-03.png\" alt=\"\" width=\"731\" height=\"487\" srcset=\"https:\/\/dioceseteixeiradefreitas.com.br\/wp-content\/uploads\/2020\/03\/LOGO-NOTA-PASTORAL-03.png 900w, https:\/\/dioceseteixeiradefreitas.com.br\/wp-content\/uploads\/2020\/03\/LOGO-NOTA-PASTORAL-03-600x400.png 600w, https:\/\/dioceseteixeiradefreitas.com.br\/wp-content\/uploads\/2020\/03\/LOGO-NOTA-PASTORAL-03-300x200.png 300w, https:\/\/dioceseteixeiradefreitas.com.br\/wp-content\/uploads\/2020\/03\/LOGO-NOTA-PASTORAL-03-768x512.png 768w\" sizes=\"auto, (max-width: 731px) 100vw, 731px\" \/><figcaption id=\"caption-attachment-9917\" class=\"wp-caption-text\">Diocese lan\u00e7a terceira Nota Pastoral \u2013 Imagem: PASCOM\/Divulga\u00e7\u00e3o<\/figcaption><\/figure>\n<p style=\"text-align: center;\"><strong>NOTA PASTORAL N.\u00ba 03 SOBRE A SEMANA SANTA E NOVOS PROCEDIMENTOS DE ENFRENTAMENTO AO CORONAV\u00cdRUS (Covid-19) NA DIOCESE<\/strong><\/p>\n<p>O bispo diocesano, Dom Jailton de Oliveira Lino, atento ao avan\u00e7o da pandemia do Coronav\u00edrus (Covid-19) em nossa regi\u00e3o e as recomenda\u00e7\u00f5es da Organiza\u00e7\u00e3o Mundial da Sa\u00fade e do Minist\u00e9rio da Sa\u00fade de se manter grau m\u00e1ximo de isolamento, como pastor diante do momento em que vivemos, vem a p\u00fablico dar orienta\u00e7\u00f5es e determina\u00e7\u00f5es para a\u00a0 Celebra\u00e7\u00e3o da Semana Santa, especialmente do Tr\u00edduo Pascal. Novas medidas, de nossa parte, s\u00e3o necess\u00e1rias para o bem de todos.<\/p>\n<h3 style=\"text-align: center;\"><span class=\"cb-justified-justify\"><b>Confira a nota na \u00edntegra:<\/b><\/span><\/h3>\n<div class=\"XzvDs _208Ie tFDi5 blog-post-text-font blog-post-text-color _2QAo- _25MYV _6RI6N tFDi5\" style=\"text-align: center;\">\n<h2 class=\"XzvDs _208Ie tFDi5 blog-post-text-font blog-post-text-color _2QAo- _25MYV _6RI6N tFDi5\"><a href=\"https:\/\/dioceseteixeiradefreitas.com.br\/wp-content\/uploads\/2020\/04\/Nota-Pastoral-03.pdf\" target=\"_blank\" rel=\"noopener noreferrer\">Clique Aqui<\/a><\/h2>\n<\/div>\n<p style=\"text-align: center;\"><strong>As mudan\u00e7as devem ser cumpridas at\u00e9 segunda ordem.<\/strong><\/p>\n","protected":false},"excerpt":{"rendered":"<p>NOTA PASTORAL N.\u00ba 03 SOBRE A SEMANA SANTA E NOVOS PROCEDIMENTOS DE ENFRENTAMENTO AO CORONAV\u00cdRUS (Covid-19) NA DIOCESE O bispo diocesano, Dom Jailton de Oliveira Lino, atento ao avan\u00e7o da pandemia do Coronav\u00edrus (Covid-19) em nossa regi\u00e3o e as recomenda\u00e7\u00f5es da Organiza\u00e7\u00e3o Mundial da Sa\u00fade e do Minist\u00e9rio da Sa\u00fade de se manter grau m\u00e1ximo &hellip;<\/p>\n","protected":false},"author":1,"featured_media":9917,"comment_status":"closed","ping_status":"closed","sticky":false,"template":"","format":"standard","meta":{"footnotes":""},"categories":[51],"tags":[477,451,485,497,496],"class_list":["post-9916","post","type-post","status-publish","format-standard","has-post-thumbnail","hentry","category-notas","tag-coronavirus","tag-diocese-de-teixeira-de-freitas-caravelas","tag-nota-pastoral","tag-semana-santa","tag-terceira-nota-pastoral"],"_links":{"self":[{"href":"https:\/\/dioceseteixeiradefreitas.com.br\/index.php?rest_route=\/wp\/v2\/posts\/9916","targetHints":{"allow":["GET"]}}],"collection":[{"href":"https:\/\/dioceseteixeiradefreitas.com.br\/index.php?rest_route=\/wp\/v2\/posts"}],"about":[{"href":"https:\/\/dioceseteixeiradefreitas.com.br\/index.php?rest_route=\/wp\/v2\/types\/post"}],"author":[{"embeddable":true,"href":"https:\/\/dioceseteixeiradefreitas.com.br\/index.php?rest_route=\/wp\/v2\/users\/1"}],"replies":[{"embeddable":true,"href":"https:\/\/dioceseteixeiradefreitas.com.br\/index.php?rest_route=%2Fwp%2Fv2%2Fcomments&post=9916"}],"version-history":[{"count":5,"href":"https:\/\/dioceseteixeiradefreitas.com.br\/index.php?rest_route=\/wp\/v2\/posts\/9916\/revisions"}],"predecessor-version":[{"id":9923,"href":"https:\/\/dioceseteixeiradefreitas.com.br\/index.php?rest_route=\/wp\/v2\/posts\/9916\/revisions\/9923"}],"wp:featuredmedia":[{"embeddable":true,"href":"https:\/\/dioceseteixeiradefreitas.com.br\/index.php?rest_route=\/wp\/v2\/media\/9917"}],"wp:attachment":[{"href":"https:\/\/dioceseteixeiradefreitas.com.br\/index.php?rest_route=%2Fwp%2Fv2%2Fmedia&parent=9916"}],"wp:term":[{"taxonomy":"category","embeddable":true,"href":"https:\/\/dioceseteixeiradefreitas.com.br\/index.php?rest_route=%2Fwp%2Fv2%2Fcategories&post=9916"},{"taxonomy":"post_tag","embeddable":true,"href":"https:\/\/dioceseteixeiradefreitas.com.br\/index.php?rest_route=%2Fwp%2Fv2%2Ftags&post=9916"}],"curies":[{"name":"wp","href":"https:\/\/api.w.org\/{rel}","templated":true}]}}