{"id":9935,"date":"2020-04-03T21:32:07","date_gmt":"2020-04-04T00:32:07","guid":{"rendered":"https:\/\/dioceseteixeiradefreitas.com.br\/?p=9935"},"modified":"2020-04-04T01:17:08","modified_gmt":"2020-04-04T04:17:08","slug":"diocese-convida-fieis-a-acompanharem-em-casa-a-celebracao-de-ramos","status":"publish","type":"post","link":"https:\/\/dioceseteixeiradefreitas.com.br\/?p=9935","title":{"rendered":"Diocese convida fi\u00e9is a acompanharem em casa a celebra\u00e7\u00e3o de Ramos"},"content":{"rendered":"<p><a href=\"https:\/\/dioceseteixeiradefreitas.com.br\/wp-content\/uploads\/2020\/04\/393-domingo-de-ramos-frame.jpg\"><img loading=\"lazy\" decoding=\"async\" class=\"aligncenter size-large wp-image-9936\" src=\"https:\/\/dioceseteixeiradefreitas.com.br\/wp-content\/uploads\/2020\/04\/393-domingo-de-ramos-frame-1024x576.jpg\" alt=\"\" width=\"708\" height=\"398\" srcset=\"https:\/\/dioceseteixeiradefreitas.com.br\/wp-content\/uploads\/2020\/04\/393-domingo-de-ramos-frame-1024x576.jpg 1024w, https:\/\/dioceseteixeiradefreitas.com.br\/wp-content\/uploads\/2020\/04\/393-domingo-de-ramos-frame-600x338.jpg 600w, https:\/\/dioceseteixeiradefreitas.com.br\/wp-content\/uploads\/2020\/04\/393-domingo-de-ramos-frame-300x169.jpg 300w, https:\/\/dioceseteixeiradefreitas.com.br\/wp-content\/uploads\/2020\/04\/393-domingo-de-ramos-frame-768x432.jpg 768w, https:\/\/dioceseteixeiradefreitas.com.br\/wp-content\/uploads\/2020\/04\/393-domingo-de-ramos-frame-390x220.jpg 390w, https:\/\/dioceseteixeiradefreitas.com.br\/wp-content\/uploads\/2020\/04\/393-domingo-de-ramos-frame.jpg 1280w\" sizes=\"auto, (max-width: 708px) 100vw, 708px\" \/><\/a><\/p>\n<p>O Domingo de Ramos se aproxima, marcando o in\u00edcio da Semana Santa e o Bispo de Teixeira de Freitas\/Caravelas, Dom Jailton de Oliveira Lino, psdp convida os fi\u00e9is a abra\u00e7arem o desafio de mostrar que a Igreja de Cristo est\u00e1 t\u00e3o viva quanto Nosso Senhor.<\/p>\n<p>O Bispo reafirma que a Igreja de Cristo somos n\u00f3s e n\u00e3o os templos, que por for\u00e7a das circunst\u00e2ncias da pandemia do novo coronav\u00edrus encontram-se fechados: \u201c<strong>Vamos no Domingo de Ramos cortar os ramos e pendurar nas portas e\/ou janelas das nossas casas enquanto cantaremos \u2018Hosana Filho de Davi<\/strong>\u2019.&#8221;<\/p>\n<p>Dom Jailton explica e reconhece que neste 2020 a Igreja ter\u00e1 um Domingo de Ramos at\u00edpico, sem a Eucaristia presencial. Direto da Catedral de Teixeira de Freitas, <strong>em 05\/04 (10h), o Bispo Diocesano presidir\u00e1 a celebra\u00e7\u00e3o e aben\u00e7oar\u00e1 os ramos<\/strong>. Os fi\u00e9is poder\u00e3o acompanhar a Missa por meio das R\u00e1dios Sucesso (FM 104.9) e Cara\u00edpe (FM 100.5) e das Redes Sociais da Diocese.<\/p>\n<h3>O Domingo de Ramos ensina que seguir Cristo \u00e9 renunciarmos a si mesmo<\/h3>\n<p>A Semana Santa come\u00e7a no Domingo de Ramos, porque celebra a entrada de Jesus em Jerusal\u00e9m montado em um jumentinho \u2013 o s\u00edmbolo da humildade \u2013 e aclamado pelo povo simples que O aplaudia como \u201cAquele que vem em nome do Senhor\u201d. Esse povo, h\u00e1 poucos dias, tinha visto Jesus ressuscitar L\u00e1zaro de Bet\u00e2nia e estava maravilhado, pois tinha a certeza de que esse era o Messias anunciado pelos profetas, mas, esse mesmo povo tinha se enganado com tipo de Messias que Cristo era. Pensava que, fosse um Messias pol\u00edtico, libertador social, que fosse arrancar Israel das garras de Roma e devolver-lhe o apogeu dos tempos de Salom\u00e3o.<\/p>\n<p>Para deixar claro a este povo que Ele n\u00e3o era um Messias temporal e pol\u00edtico, um libertador ef\u00eamero, e sim, o grande Libertador do pecado, a raiz de todos os males, ent\u00e3o, o Senhor entra na grande cidade, a Jerusal\u00e9m dos patriarcas e dos reis sagrados, montado em um jumentinho; express\u00e3o da pequenez terrena. Ele n\u00e3o \u00e9 um Rei deste mundo!<\/p>\n<p>Dessa forma, o Domingo de Ramos d\u00e1 o in\u00edcio \u00e0 Semana Santa, que mistura os gritos de hosanas com os clamores da Paix\u00e3o de Cristo. O povo acolheu Jesus abanando seus ramos de oliveiras e palmeiras.<\/p>\n<p><strong>Acompanhe a celebra\u00e7\u00e3o de Ramos AO VIVO pelos seguintes meios e tenha os seus ramos aben\u00e7oados:<\/strong><\/p>\n<p>Youtube: <a href=\"https:\/\/www.youtube.com\/channel\/UCMykYYldSfEG12A37Z23naA\">https:\/\/www.youtube.com\/channel\/UCMykYYldSfEG12A37Z23naA<\/a><\/p>\n<p>Facebook: <a href=\"https:\/\/www.facebook.com\/dioceseteixeiradefreitas\/\">https:\/\/www.facebook.com\/dioceseteixeiradefreitas\/<\/a><\/p>\n<p>Por PASCOM Diocesana.<\/p>\n","protected":false},"excerpt":{"rendered":"<p>O Domingo de Ramos se aproxima, marcando o in\u00edcio da Semana Santa e o Bispo de Teixeira de Freitas\/Caravelas, Dom Jailton de Oliveira Lino, psdp convida os fi\u00e9is a abra\u00e7arem o desafio de mostrar que a Igreja de Cristo est\u00e1 t\u00e3o viva quanto Nosso Senhor. O Bispo reafirma que a Igreja de Cristo somos n\u00f3s &hellip;<\/p>\n","protected":false},"author":2,"featured_media":9936,"comment_status":"closed","ping_status":"closed","sticky":false,"template":"","format":"standard","meta":{"footnotes":""},"categories":[100],"tags":[451,60,498,114,497],"class_list":["post-9935","post","type-post","status-publish","format-standard","has-post-thumbnail","hentry","category-noticias-diocesanas","tag-diocese-de-teixeira-de-freitas-caravelas","tag-dom-jailton","tag-domingo-de-ramos","tag-paroquias","tag-semana-santa"],"_links":{"self":[{"href":"https:\/\/dioceseteixeiradefreitas.com.br\/index.php?rest_route=\/wp\/v2\/posts\/9935","targetHints":{"allow":["GET"]}}],"collection":[{"href":"https:\/\/dioceseteixeiradefreitas.com.br\/index.php?rest_route=\/wp\/v2\/posts"}],"about":[{"href":"https:\/\/dioceseteixeiradefreitas.com.br\/index.php?rest_route=\/wp\/v2\/types\/post"}],"author":[{"embeddable":true,"href":"https:\/\/dioceseteixeiradefreitas.com.br\/index.php?rest_route=\/wp\/v2\/users\/2"}],"replies":[{"embeddable":true,"href":"https:\/\/dioceseteixeiradefreitas.com.br\/index.php?rest_route=%2Fwp%2Fv2%2Fcomments&post=9935"}],"version-history":[{"count":8,"href":"https:\/\/dioceseteixeiradefreitas.com.br\/index.php?rest_route=\/wp\/v2\/posts\/9935\/revisions"}],"predecessor-version":[{"id":9945,"href":"https:\/\/dioceseteixeiradefreitas.com.br\/index.php?rest_route=\/wp\/v2\/posts\/9935\/revisions\/9945"}],"wp:featuredmedia":[{"embeddable":true,"href":"https:\/\/dioceseteixeiradefreitas.com.br\/index.php?rest_route=\/wp\/v2\/media\/9936"}],"wp:attachment":[{"href":"https:\/\/dioceseteixeiradefreitas.com.br\/index.php?rest_route=%2Fwp%2Fv2%2Fmedia&parent=9935"}],"wp:term":[{"taxonomy":"category","embeddable":true,"href":"https:\/\/dioceseteixeiradefreitas.com.br\/index.php?rest_route=%2Fwp%2Fv2%2Fcategories&post=9935"},{"taxonomy":"post_tag","embeddable":true,"href":"https:\/\/dioceseteixeiradefreitas.com.br\/index.php?rest_route=%2Fwp%2Fv2%2Ftags&post=9935"}],"curies":[{"name":"wp","href":"https:\/\/api.w.org\/{rel}","templated":true}]}}