{"id":9990,"date":"2020-04-07T13:57:50","date_gmt":"2020-04-07T16:57:50","guid":{"rendered":"https:\/\/dioceseteixeiradefreitas.com.br\/?p=9990"},"modified":"2020-04-09T13:37:33","modified_gmt":"2020-04-09T16:37:33","slug":"america-latina-sera-consagrada-a-nossa-senhora-de-guadalupe","status":"publish","type":"post","link":"https:\/\/dioceseteixeiradefreitas.com.br\/?p=9990","title":{"rendered":"Am\u00e9rica Latina ser\u00e1 consagrada \u00e0 Nossa Senhora de Guadalupe"},"content":{"rendered":"<figure id=\"attachment_9991\" aria-describedby=\"caption-attachment-9991\" style=\"width: 1200px\" class=\"wp-caption aligncenter\"><img loading=\"lazy\" decoding=\"async\" class=\"wp-image-9991 size-full\" src=\"https:\/\/dioceseteixeiradefreitas.com.br\/wp-content\/uploads\/2020\/04\/consagra\u00e7\u00e3o-1200x762_c-1-1200x762_c.jpeg\" alt=\"\" width=\"1200\" height=\"762\" srcset=\"https:\/\/dioceseteixeiradefreitas.com.br\/wp-content\/uploads\/2020\/04\/consagra\u00e7\u00e3o-1200x762_c-1-1200x762_c.jpeg 1200w, https:\/\/dioceseteixeiradefreitas.com.br\/wp-content\/uploads\/2020\/04\/consagra\u00e7\u00e3o-1200x762_c-1-1200x762_c-600x381.jpeg 600w, https:\/\/dioceseteixeiradefreitas.com.br\/wp-content\/uploads\/2020\/04\/consagra\u00e7\u00e3o-1200x762_c-1-1200x762_c-300x191.jpeg 300w, https:\/\/dioceseteixeiradefreitas.com.br\/wp-content\/uploads\/2020\/04\/consagra\u00e7\u00e3o-1200x762_c-1-1200x762_c-1024x650.jpeg 1024w, https:\/\/dioceseteixeiradefreitas.com.br\/wp-content\/uploads\/2020\/04\/consagra\u00e7\u00e3o-1200x762_c-1-1200x762_c-768x488.jpeg 768w\" sizes=\"auto, (max-width: 1200px) 100vw, 1200px\" \/><figcaption id=\"caption-attachment-9991\" class=\"wp-caption-text\">Folder Consagra\u00e7\u00e3o da Am\u00e9rica Latina \u00e0 Nossa Senhora de Guadalupe &#8211; Imagem: CNBB\/Divulga\u00e7\u00e3o<\/figcaption><\/figure>\n<p>No\u00a0<b>dia 12 de abril &#8211; Domingo de P\u00e1scoa, \u00e0s 14 horas (hor\u00e1rio de Bras\u00edlia), <\/b>unimo-nos aos demais pa\u00edses da Am\u00e9rica Latina e Caribe, conforme solicita\u00e7\u00e3o do Conselho Episcopal Latino-Americano (CELAM), colocando-nos aos p\u00e9s da Bem Aventurada Virgem Maria, <b>consagrando o Brasil<\/b>, rogando-lhe a intercess\u00e3o para que a pandemia causada pelo coronav\u00edrus seja superada.<\/p>\n<figure style=\"width: 1000px\" class=\"wp-caption alignnone\"><img loading=\"lazy\" decoding=\"async\" src=\"https:\/\/www.cnbb.org.br\/wp-content\/uploads\/sites\/32\/2020\/04\/1435169_441765.jpg\" alt=\"\" width=\"1000\" height=\"563\" \/><figcaption class=\"wp-caption-text\">Papa Francisco junto \u00e0 imagem de Nossa Senhora de Guadalupe &#8211; Foto: CNBB\/Reprodu\u00e7\u00e3o<\/figcaption><\/figure>\n<p>&#8220;<em>Ao contemplar a M\u00e3e do verdadeiro Deus por quem se vive, fortale\u00e7amos nossa f\u00e9, animemos nossa esperan\u00e7a e nos comprometamos com amor solid\u00e1rio, especialmente com aqueles que hoje experimentam enfermidade, dor, pobreza, solid\u00e3o, temor e inquietude<\/em>\u201d, afirma o Celam.<\/p>\n<p>A Consagra\u00e7\u00e3o a Nossa Senhora de Guadalupe ser\u00e1 retransmitida ao vivo, pela <strong>R\u00e1dio Sucesso FM (104,9)<\/strong> e <strong>redes sociais da Diocese<\/strong>, assim como por todas as TVs de inspira\u00e7\u00e3o cat\u00f3lica, r\u00e1dios e redes sociais da CNBB.<\/p>\n","protected":false},"excerpt":{"rendered":"<p>No\u00a0dia 12 de abril &#8211; Domingo de P\u00e1scoa, \u00e0s 14 horas (hor\u00e1rio de Bras\u00edlia), unimo-nos aos demais pa\u00edses da Am\u00e9rica Latina e Caribe, conforme solicita\u00e7\u00e3o do Conselho Episcopal Latino-Americano (CELAM), colocando-nos aos p\u00e9s da Bem Aventurada Virgem Maria, consagrando o Brasil, rogando-lhe a intercess\u00e3o para que a pandemia causada pelo coronav\u00edrus seja superada. &#8220;Ao contemplar &hellip;<\/p>\n","protected":false},"author":1,"featured_media":9991,"comment_status":"closed","ping_status":"closed","sticky":false,"template":"","format":"standard","meta":{"footnotes":""},"categories":[104],"tags":[501,502,503,499,500],"class_list":["post-9990","post","type-post","status-publish","format-standard","has-post-thumbnail","hentry","category-noticias-da-cnbb","tag-america-latina","tag-brasil","tag-celam","tag-consagracao","tag-nossa-senhora"],"_links":{"self":[{"href":"https:\/\/dioceseteixeiradefreitas.com.br\/index.php?rest_route=\/wp\/v2\/posts\/9990","targetHints":{"allow":["GET"]}}],"collection":[{"href":"https:\/\/dioceseteixeiradefreitas.com.br\/index.php?rest_route=\/wp\/v2\/posts"}],"about":[{"href":"https:\/\/dioceseteixeiradefreitas.com.br\/index.php?rest_route=\/wp\/v2\/types\/post"}],"author":[{"embeddable":true,"href":"https:\/\/dioceseteixeiradefreitas.com.br\/index.php?rest_route=\/wp\/v2\/users\/1"}],"replies":[{"embeddable":true,"href":"https:\/\/dioceseteixeiradefreitas.com.br\/index.php?rest_route=%2Fwp%2Fv2%2Fcomments&post=9990"}],"version-history":[{"count":4,"href":"https:\/\/dioceseteixeiradefreitas.com.br\/index.php?rest_route=\/wp\/v2\/posts\/9990\/revisions"}],"predecessor-version":[{"id":9997,"href":"https:\/\/dioceseteixeiradefreitas.com.br\/index.php?rest_route=\/wp\/v2\/posts\/9990\/revisions\/9997"}],"wp:featuredmedia":[{"embeddable":true,"href":"https:\/\/dioceseteixeiradefreitas.com.br\/index.php?rest_route=\/wp\/v2\/media\/9991"}],"wp:attachment":[{"href":"https:\/\/dioceseteixeiradefreitas.com.br\/index.php?rest_route=%2Fwp%2Fv2%2Fmedia&parent=9990"}],"wp:term":[{"taxonomy":"category","embeddable":true,"href":"https:\/\/dioceseteixeiradefreitas.com.br\/index.php?rest_route=%2Fwp%2Fv2%2Fcategories&post=9990"},{"taxonomy":"post_tag","embeddable":true,"href":"https:\/\/dioceseteixeiradefreitas.com.br\/index.php?rest_route=%2Fwp%2Fv2%2Ftags&post=9990"}],"curies":[{"name":"wp","href":"https:\/\/api.w.org\/{rel}","templated":true}]}}