{"id":1026,"count":1,"description":"","link":"https:\/\/dioceseteixeiradefreitas.com.br\/?tag=consagracao-da-russia-e-ucrania","name":"Consagra\u00e7\u00e3o da R\u00fassia e Ucr\u00e2nia","slug":"consagracao-da-russia-e-ucrania","taxonomy":"post_tag","meta":[],"_links":{"self":[{"href":"https:\/\/dioceseteixeiradefreitas.com.br\/index.php?rest_route=\/wp\/v2\/tags\/1026","targetHints":{"allow":["GET"]}}],"collection":[{"href":"https:\/\/dioceseteixeiradefreitas.com.br\/index.php?rest_route=\/wp\/v2\/tags"}],"about":[{"href":"https:\/\/dioceseteixeiradefreitas.com.br\/index.php?rest_route=\/wp\/v2\/taxonomies\/post_tag"}],"wp:post_type":[{"href":"https:\/\/dioceseteixeiradefreitas.com.br\/index.php?rest_route=%2Fwp%2Fv2%2Fposts&tags=1026"}],"curies":[{"name":"wp","href":"https:\/\/api.w.org\/{rel}","templated":true}]}}